{"id":2212,"date":"2020-08-27T13:05:28","date_gmt":"2020-08-27T13:05:28","guid":{"rendered":"http:\/\/mizkan.wpengine.com\/2020\/08\/mizkan-unveils-lifelong-foodie-as-new-fusion-focused-development-chef\/"},"modified":"2020-09-29T11:00:50","modified_gmt":"2020-09-29T11:00:50","slug":"news-da-mizkan-un-foodie-da-una-vita-e-il-nuovo-chef-allo-sviluppo-fusion-di-mizkan","status":"publish","type":"post","link":"https:\/\/www.mizkanchef.com\/it\/2020\/08\/news-da-mizkan-un-foodie-da-una-vita-e-il-nuovo-chef-allo-sviluppo-fusion-di-mizkan\/","title":{"rendered":"News da Mizkan &#8211; Un \u201cfoodie da una vita\u201d \u00e8 il nuovo Chef allo Sviluppo Fusion di Mizkan"},"content":{"rendered":"<p><img fetchpriority=\"high\" decoding=\"async\" src=\"https:\/\/www.mizkanchef.com\/wp-content\/uploads\/2020\/08\/ron-news-300x300.jpg\" alt=\"\" width=\"300\" height=\"300\" class=\"alignright size-medium wp-image-2150\" style=\"float:right;padding-left: 20px;padding-bottom: 20px;\" srcset=\"https:\/\/www.mizkanchef.com\/wp-content\/uploads\/2020\/08\/ron-news-300x300.jpg 300w, https:\/\/www.mizkanchef.com\/wp-content\/uploads\/2020\/08\/ron-news-150x150.jpg 150w\" sizes=\"(max-width: 300px) 100vw, 300px\" \/>Ex pescatore di aragoste, pescivendolo, produttore di formaggio e lattaio, Ron Laity ha davvero dedicato tutta la sua vita al cibo.  \u00c8 25 anni fa, agli inizi di un incarico come chef di linea, che sboccia il suo amore per la cultura e la cucina giapponesi. <\/p>\n<p>Dopo una laurea in discipline alberghiere, affina le sue abilit\u00e0 culinarie giapponesi lavorando al Tokyo Diner nella Chinatown di Londra, nell\u2019anno in cui nella capitale britannica apre Nobu. Dopo un periodo in Yo Sushi, parte per un tour professionale di sei anni in Giappone, dove si immerge nella cultura locale e approfondisce la creazione dei piatti con i veri ingredienti giapponesi. Al suo ritorno nel Regno Unito, Ron collabora con vari ristoranti, come Yakitoria, Samurai Sushi, Senkai, Feng Sushi, Bincho Yakitori e United Ramen, fino ad approdare in Mizkan. <\/p>\n<p><em>\u201cSono davvero lieto di entrare a far parte del team Mizkan: ne ammiro da tempo i prodotti, soprattutto il condimento per il riso da sushi.  Si pu\u00f2 dire che bench\u00e9 la mia formazione sia stata classica mi sono convertito alla cultura giapponese e adoro dare vita a piatti che cantano con i sapori di quella cucina &#8211; dal ramen, al sushi ai poke. Mizkan propone tantissimi prodotti per la cucina giapponese, dal suo Condimento agli agrumi Ajipon o dal suo aceto Shiragiku &#8211; ideali per realizzare il riso da sushi perfetto &#8211; al Condimento in stile mirin Honteri, fino al Vino di riso mirin, per offrire sapori davvero autentici ai piatti della tradizione nipponica, come udon, yakisoba e karaage. Ancora meglio, l\u2019ampia variet\u00e0 di prodotti \u00e8 cos\u00ec versatile da poter essere impiegata anche in altre cucine, come quelle fusion europee, latino-americane e mediorientali. Sono impaziente di dimostrare la versatilit\u00e0 e il potenziale di questi prodotti, e di poter ispirare nuovi chef britannici di tutti i settori\u201d. <\/em><\/p>\n","protected":false},"excerpt":{"rendered":"<p>Ex pescatore di aragoste, pescivendolo, produttore di formaggio e lattaio, Ron Laity ha davvero dedicato tutta la sua vita al cibo. \u00c8 25 anni fa, agli inizi di un incarico come chef di linea, che sboccia il suo amore per la cultura e la cucina giapponesi. Dopo una laurea in discipline alberghiere, affina le sue [&hellip;]<\/p>\n","protected":false},"author":2,"featured_media":2150,"comment_status":"closed","ping_status":"closed","sticky":false,"template":"","format":"standard","meta":{"footnotes":""},"categories":[155],"tags":[],"acf":[],"yoast_head":"<!-- This site is optimized with the Yoast SEO plugin v21.9.1 - https:\/\/yoast.com\/wordpress\/plugins\/seo\/ -->\n<title>News da Mizkan - Un \u201cfoodie da una vita\u201d \u00e8 il nuovo Chef allo Sviluppo Fusion di Mizkan - Mizkan<\/title>\n<meta name=\"robots\" content=\"index, follow, max-snippet:-1, max-image-preview:large, max-video-preview:-1\" \/>\n<meta property=\"og:locale\" content=\"it_IT\" \/>\n<meta property=\"og:type\" content=\"article\" \/>\n<meta property=\"og:title\" content=\"News da Mizkan - Un \u201cfoodie da una vita\u201d \u00e8 il nuovo Chef allo Sviluppo Fusion di Mizkan - Mizkan\" \/>\n<meta property=\"og:description\" content=\"Ex pescatore di aragoste, pescivendolo, produttore di formaggio e lattaio, Ron Laity ha davvero dedicato tutta la sua vita al cibo. \u00c8 25 anni fa, agli inizi di un incarico come chef di linea, che sboccia il suo amore per la cultura e la cucina giapponesi. Dopo una laurea in discipline alberghiere, affina le sue [&hellip;]\" \/>\n<meta property=\"og:url\" content=\"https:\/\/www.mizkanchef.com\/it\/2020\/08\/news-da-mizkan-un-foodie-da-una-vita-e-il-nuovo-chef-allo-sviluppo-fusion-di-mizkan\/\" \/>\n<meta property=\"og:site_name\" content=\"Mizkan\" \/>\n<meta property=\"article:published_time\" content=\"2020-08-27T13:05:28+00:00\" \/>\n<meta property=\"article:modified_time\" content=\"2020-09-29T11:00:50+00:00\" \/>\n<meta property=\"og:image\" content=\"https:\/\/www.mizkanchef.com\/wp-content\/uploads\/2020\/08\/ron-news.jpg\" \/>\n\t<meta property=\"og:image:width\" content=\"1320\" \/>\n\t<meta property=\"og:image:height\" content=\"736\" \/>\n\t<meta property=\"og:image:type\" content=\"image\/jpeg\" \/>\n<meta name=\"author\" content=\"mizkan\" \/>\n<meta name=\"twitter:card\" content=\"summary_large_image\" \/>\n<meta name=\"twitter:label1\" content=\"Scritto da\" \/>\n\t<meta name=\"twitter:data1\" content=\"mizkan\" \/>\n\t<meta name=\"twitter:label2\" content=\"Tempo di lettura stimato\" \/>\n\t<meta name=\"twitter:data2\" content=\"2 minuti\" \/>\n<script type=\"application\/ld+json\" class=\"yoast-schema-graph\">{\"@context\":\"https:\/\/schema.org\",\"@graph\":[{\"@type\":\"WebPage\",\"@id\":\"https:\/\/www.mizkanchef.com\/it\/2020\/08\/news-da-mizkan-un-foodie-da-una-vita-e-il-nuovo-chef-allo-sviluppo-fusion-di-mizkan\/\",\"url\":\"https:\/\/www.mizkanchef.com\/it\/2020\/08\/news-da-mizkan-un-foodie-da-una-vita-e-il-nuovo-chef-allo-sviluppo-fusion-di-mizkan\/\",\"name\":\"News da Mizkan - Un \u201cfoodie da una vita\u201d \u00e8 il nuovo Chef allo Sviluppo Fusion di Mizkan - Mizkan\",\"isPartOf\":{\"@id\":\"https:\/\/www.mizkanchef.com\/it\/#website\"},\"datePublished\":\"2020-08-27T13:05:28+00:00\",\"dateModified\":\"2020-09-29T11:00:50+00:00\",\"author\":{\"@id\":\"https:\/\/www.mizkanchef.com\/it\/#\/schema\/person\/cbeb416d24f708a4325b5af8fe89db94\"},\"breadcrumb\":{\"@id\":\"https:\/\/www.mizkanchef.com\/it\/2020\/08\/news-da-mizkan-un-foodie-da-una-vita-e-il-nuovo-chef-allo-sviluppo-fusion-di-mizkan\/#breadcrumb\"},\"inLanguage\":\"it-IT\",\"potentialAction\":[{\"@type\":\"ReadAction\",\"target\":[\"https:\/\/www.mizkanchef.com\/it\/2020\/08\/news-da-mizkan-un-foodie-da-una-vita-e-il-nuovo-chef-allo-sviluppo-fusion-di-mizkan\/\"]}]},{\"@type\":\"BreadcrumbList\",\"@id\":\"https:\/\/www.mizkanchef.com\/it\/2020\/08\/news-da-mizkan-un-foodie-da-una-vita-e-il-nuovo-chef-allo-sviluppo-fusion-di-mizkan\/#breadcrumb\",\"itemListElement\":[{\"@type\":\"ListItem\",\"position\":1,\"name\":\"Home\",\"item\":\"https:\/\/www.mizkanchef.com\/it\/\"},{\"@type\":\"ListItem\",\"position\":2,\"name\":\"News da Mizkan &#8211; Un \u201cfoodie da una vita\u201d \u00e8 il nuovo Chef allo Sviluppo Fusion di Mizkan\"}]},{\"@type\":\"WebSite\",\"@id\":\"https:\/\/www.mizkanchef.com\/it\/#website\",\"url\":\"https:\/\/www.mizkanchef.com\/it\/\",\"name\":\"Mizkan\",\"description\":\"Mizkan\",\"potentialAction\":[{\"@type\":\"SearchAction\",\"target\":{\"@type\":\"EntryPoint\",\"urlTemplate\":\"https:\/\/www.mizkanchef.com\/it\/?s={search_term_string}\"},\"query-input\":\"required name=search_term_string\"}],\"inLanguage\":\"it-IT\"},{\"@type\":\"Person\",\"@id\":\"https:\/\/www.mizkanchef.com\/it\/#\/schema\/person\/cbeb416d24f708a4325b5af8fe89db94\",\"name\":\"mizkan\",\"image\":{\"@type\":\"ImageObject\",\"inLanguage\":\"it-IT\",\"@id\":\"https:\/\/www.mizkanchef.com\/it\/#\/schema\/person\/image\/\",\"url\":\"https:\/\/secure.gravatar.com\/avatar\/f5bb02758c536c75091ea1c24fe6424f?s=96&d=mm&r=g\",\"contentUrl\":\"https:\/\/secure.gravatar.com\/avatar\/f5bb02758c536c75091ea1c24fe6424f?s=96&d=mm&r=g\",\"caption\":\"mizkan\"},\"sameAs\":[\"https:\/\/www.mizkanchef.com\"]}]}<\/script>\n<!-- \/ Yoast SEO plugin. -->","yoast_head_json":{"title":"News da Mizkan - Un \u201cfoodie da una vita\u201d \u00e8 il nuovo Chef allo Sviluppo Fusion di Mizkan - Mizkan","robots":{"index":"index","follow":"follow","max-snippet":"max-snippet:-1","max-image-preview":"max-image-preview:large","max-video-preview":"max-video-preview:-1"},"og_locale":"it_IT","og_type":"article","og_title":"News da Mizkan - Un \u201cfoodie da una vita\u201d \u00e8 il nuovo Chef allo Sviluppo Fusion di Mizkan - Mizkan","og_description":"Ex pescatore di aragoste, pescivendolo, produttore di formaggio e lattaio, Ron Laity ha davvero dedicato tutta la sua vita al cibo. \u00c8 25 anni fa, agli inizi di un incarico come chef di linea, che sboccia il suo amore per la cultura e la cucina giapponesi. Dopo una laurea in discipline alberghiere, affina le sue [&hellip;]","og_url":"https:\/\/www.mizkanchef.com\/it\/2020\/08\/news-da-mizkan-un-foodie-da-una-vita-e-il-nuovo-chef-allo-sviluppo-fusion-di-mizkan\/","og_site_name":"Mizkan","article_published_time":"2020-08-27T13:05:28+00:00","article_modified_time":"2020-09-29T11:00:50+00:00","og_image":[{"width":1320,"height":736,"url":"https:\/\/www.mizkanchef.com\/wp-content\/uploads\/2020\/08\/ron-news.jpg","type":"image\/jpeg"}],"author":"mizkan","twitter_card":"summary_large_image","twitter_misc":{"Scritto da":"mizkan","Tempo di lettura stimato":"2 minuti"},"schema":{"@context":"https:\/\/schema.org","@graph":[{"@type":"WebPage","@id":"https:\/\/www.mizkanchef.com\/it\/2020\/08\/news-da-mizkan-un-foodie-da-una-vita-e-il-nuovo-chef-allo-sviluppo-fusion-di-mizkan\/","url":"https:\/\/www.mizkanchef.com\/it\/2020\/08\/news-da-mizkan-un-foodie-da-una-vita-e-il-nuovo-chef-allo-sviluppo-fusion-di-mizkan\/","name":"News da Mizkan - Un \u201cfoodie da una vita\u201d \u00e8 il nuovo Chef allo Sviluppo Fusion di Mizkan - Mizkan","isPartOf":{"@id":"https:\/\/www.mizkanchef.com\/it\/#website"},"datePublished":"2020-08-27T13:05:28+00:00","dateModified":"2020-09-29T11:00:50+00:00","author":{"@id":"https:\/\/www.mizkanchef.com\/it\/#\/schema\/person\/cbeb416d24f708a4325b5af8fe89db94"},"breadcrumb":{"@id":"https:\/\/www.mizkanchef.com\/it\/2020\/08\/news-da-mizkan-un-foodie-da-una-vita-e-il-nuovo-chef-allo-sviluppo-fusion-di-mizkan\/#breadcrumb"},"inLanguage":"it-IT","potentialAction":[{"@type":"ReadAction","target":["https:\/\/www.mizkanchef.com\/it\/2020\/08\/news-da-mizkan-un-foodie-da-una-vita-e-il-nuovo-chef-allo-sviluppo-fusion-di-mizkan\/"]}]},{"@type":"BreadcrumbList","@id":"https:\/\/www.mizkanchef.com\/it\/2020\/08\/news-da-mizkan-un-foodie-da-una-vita-e-il-nuovo-chef-allo-sviluppo-fusion-di-mizkan\/#breadcrumb","itemListElement":[{"@type":"ListItem","position":1,"name":"Home","item":"https:\/\/www.mizkanchef.com\/it\/"},{"@type":"ListItem","position":2,"name":"News da Mizkan &#8211; Un \u201cfoodie da una vita\u201d \u00e8 il nuovo Chef allo Sviluppo Fusion di Mizkan"}]},{"@type":"WebSite","@id":"https:\/\/www.mizkanchef.com\/it\/#website","url":"https:\/\/www.mizkanchef.com\/it\/","name":"Mizkan","description":"Mizkan","potentialAction":[{"@type":"SearchAction","target":{"@type":"EntryPoint","urlTemplate":"https:\/\/www.mizkanchef.com\/it\/?s={search_term_string}"},"query-input":"required name=search_term_string"}],"inLanguage":"it-IT"},{"@type":"Person","@id":"https:\/\/www.mizkanchef.com\/it\/#\/schema\/person\/cbeb416d24f708a4325b5af8fe89db94","name":"mizkan","image":{"@type":"ImageObject","inLanguage":"it-IT","@id":"https:\/\/www.mizkanchef.com\/it\/#\/schema\/person\/image\/","url":"https:\/\/secure.gravatar.com\/avatar\/f5bb02758c536c75091ea1c24fe6424f?s=96&d=mm&r=g","contentUrl":"https:\/\/secure.gravatar.com\/avatar\/f5bb02758c536c75091ea1c24fe6424f?s=96&d=mm&r=g","caption":"mizkan"},"sameAs":["https:\/\/www.mizkanchef.com"]}]}},"_links":{"self":[{"href":"https:\/\/www.mizkanchef.com\/it\/wp-json\/wp\/v2\/posts\/2212"}],"collection":[{"href":"https:\/\/www.mizkanchef.com\/it\/wp-json\/wp\/v2\/posts"}],"about":[{"href":"https:\/\/www.mizkanchef.com\/it\/wp-json\/wp\/v2\/types\/post"}],"author":[{"embeddable":true,"href":"https:\/\/www.mizkanchef.com\/it\/wp-json\/wp\/v2\/users\/2"}],"replies":[{"embeddable":true,"href":"https:\/\/www.mizkanchef.com\/it\/wp-json\/wp\/v2\/comments?post=2212"}],"version-history":[{"count":0,"href":"https:\/\/www.mizkanchef.com\/it\/wp-json\/wp\/v2\/posts\/2212\/revisions"}],"wp:featuredmedia":[{"embeddable":true,"href":"https:\/\/www.mizkanchef.com\/it\/wp-json\/wp\/v2\/media\/2150"}],"wp:attachment":[{"href":"https:\/\/www.mizkanchef.com\/it\/wp-json\/wp\/v2\/media?parent=2212"}],"wp:term":[{"taxonomy":"category","embeddable":true,"href":"https:\/\/www.mizkanchef.com\/it\/wp-json\/wp\/v2\/categories?post=2212"},{"taxonomy":"post_tag","embeddable":true,"href":"https:\/\/www.mizkanchef.com\/it\/wp-json\/wp\/v2\/tags?post=2212"}],"curies":[{"name":"wp","href":"https:\/\/api.w.org\/{rel}","templated":true}]}}