{"id":6949,"date":"2020-08-26T13:09:59","date_gmt":"2020-08-26T13:09:59","guid":{"rendered":"https:\/\/www.mizkanchef.com\/2020\/08\/mizkan-partners-with-celebrity-chef-mory-sacko-to-create-african-japanese-dessert-recipe\/"},"modified":"2021-02-02T15:09:59","modified_gmt":"2021-02-02T15:09:59","slug":"noticias-de-mizkan-mizkan-se-asocia-con-el-popular-chef-mory-sacko-para-crear-una-receta-de-postre-afro-japones","status":"publish","type":"post","link":"https:\/\/www.mizkanchef.com\/es\/2020\/08\/noticias-de-mizkan-mizkan-se-asocia-con-el-popular-chef-mory-sacko-para-crear-una-receta-de-postre-afro-japones\/","title":{"rendered":"Noticias de Mizkan &#8211; Mizkan se asocia con el popular chef Mory Sacko para crear una receta de postre afro-japon\u00e9s"},"content":{"rendered":"<p>En Mizkan, estamos orgullosos de anunciar nuestra colaboraci\u00f3n con el concursante de Top Chef Mory Sacko, quien utiliz\u00f3 su talento y habilidades para crear una nueva y fascinante receta de postre que fusiona las cocinas africana y japonesa utilizando Honteri.<\/p>\n<p><strong>Acerca de Mory Sacko:<\/strong><\/p>\n<p>Mory fue concursante de la edici\u00f3n de este a\u00f1o del programa de TV franc\u00e9s Top Chef y , a d\u00eda de hoy, es ya una de las principales nuevas figuras culinarias del pa\u00eds. Mory, que ha acumulado m\u00e1s de 120.000 seguidores en Instagram en tan solo unos meses, no es solo popular, sino que ha demostrado tener un enorme talento a la hora de fusionar sabores africanos y japoneses de una forma \u00fanica. Mory perfeccion\u00f3 sus habilidades trabajando bajo las \u00f3rdenes del famoso chef Thierry Marx en el Mandarin Oriental, y tras su paso por Top Chef, recal\u00f3 en el restaurante Edo del \u00abPalais de Tokyo\u00bb de Par\u00eds, donde ha elaborado exclusivos platos durante la temporada de verano. Ahora, est\u00e1 iniciando su propia andadura creativa con la inauguraci\u00f3n de su primer restaurante, el Mosuke, bautizado as\u00ed en honor a Yakuke, el primer samur\u00e1i negro, que abri\u00f3 sus puertas en septiembre de 2020.<\/p>\n<p><strong>La receta:<\/strong><\/p>\n<p>Mory tambi\u00e9n ha colaborado con Mizkan para crear una receta de pi\u00f1a con \u00abcaramelo\u00bb de shiso elaborada a partir de Honteri y sirope de lima. El plato es perfecto como postre veraniego, ya que es ligero y fresco e incorpora varias capas de interesantes sabores gracias a la combinaci\u00f3n de ingredientes, como condimentos c\u00edtricos, pepitas de cacao, pimienta sansho y cr\u00e8me fraiche. La receta encarna tanto la creatividad del chef como la versatilidad de Honteri, al tiempo que se desmarca de las interpretaciones m\u00e1s tradicionales de las recetas cl\u00e1sicas japonesas preparadas con mirin.<\/p>\n<p>Para obtener m\u00e1s informaci\u00f3n sobre la receta, visita nuestras p\u00e1ginas de Instagram y Facebook en franc\u00e9s:<br \/>\n<a href=\"https:\/\/www.instagram.com\/mizkan_chef_france\/\" target=\"_blank\" rel=\"noopener noreferrer\">https:\/\/www.instagram.com\/mizkan_chef_france\/<\/a><br \/>\n<a href=\"https:\/\/www.facebook.com\/MizkanChefFR\" target=\"_blank\" rel=\"noopener noreferrer\">https:\/\/www.facebook.com\/MizkanChefFR<\/a><br \/>\nSi quieres, tambi\u00e9n puedes seguir a Mory en Instagram <a href=\"https:\/\/www.instagram.com\/mory_sacko_\/?hl=en\" target=\"_blank\" rel=\"noopener noreferrer\">@mory_sacko<\/a><\/p>\n<p>Ten en cuenta que esta receta solo est\u00e1 disponible en franc\u00e9s por cuestiones de copyright.<\/p>\n","protected":false},"excerpt":{"rendered":"<p>En Mizkan, estamos orgullosos de anunciar nuestra colaboraci\u00f3n con el concursante de Top Chef Mory Sacko, quien utiliz\u00f3 su talento y habilidades para crear una nueva y fascinante receta de postre que fusiona las cocinas africana y japonesa utilizando Honteri. Acerca de Mory Sacko: Mory fue concursante de la edici\u00f3n de este a\u00f1o del programa [&hellip;]<\/p>\n","protected":false},"author":2,"featured_media":2319,"comment_status":"closed","ping_status":"closed","sticky":false,"template":"","format":"standard","meta":{"footnotes":""},"categories":[317,321],"tags":[],"acf":[],"yoast_head":"<!-- This site is optimized with the Yoast SEO plugin v21.9.1 - https:\/\/yoast.com\/wordpress\/plugins\/seo\/ -->\n<title>Noticias de Mizkan - Mizkan se asocia con el popular chef Mory Sacko para crear una receta de postre afro-japon\u00e9s - Mizkan<\/title>\n<meta name=\"robots\" content=\"index, follow, max-snippet:-1, max-image-preview:large, max-video-preview:-1\" \/>\n<meta property=\"og:locale\" content=\"es_ES\" \/>\n<meta property=\"og:type\" content=\"article\" \/>\n<meta property=\"og:title\" content=\"Noticias de Mizkan - Mizkan se asocia con el popular chef Mory Sacko para crear una receta de postre afro-japon\u00e9s - Mizkan\" \/>\n<meta property=\"og:description\" content=\"En Mizkan, estamos orgullosos de anunciar nuestra colaboraci\u00f3n con el concursante de Top Chef Mory Sacko, quien utiliz\u00f3 su talento y habilidades para crear una nueva y fascinante receta de postre que fusiona las cocinas africana y japonesa utilizando Honteri. Acerca de Mory Sacko: Mory fue concursante de la edici\u00f3n de este a\u00f1o del programa [&hellip;]\" \/>\n<meta property=\"og:url\" content=\"https:\/\/www.mizkanchef.com\/es\/2020\/08\/noticias-de-mizkan-mizkan-se-asocia-con-el-popular-chef-mory-sacko-para-crear-una-receta-de-postre-afro-japones\/\" \/>\n<meta property=\"og:site_name\" content=\"Mizkan\" \/>\n<meta property=\"article:published_time\" content=\"2020-08-26T13:09:59+00:00\" \/>\n<meta property=\"article:modified_time\" content=\"2021-02-02T15:09:59+00:00\" \/>\n<meta property=\"og:image\" content=\"https:\/\/www.mizkanchef.com\/wp-content\/uploads\/2020\/09\/news-logo-en.jpg\" \/>\n\t<meta property=\"og:image:width\" content=\"1320\" \/>\n\t<meta property=\"og:image:height\" content=\"736\" \/>\n\t<meta property=\"og:image:type\" content=\"image\/jpeg\" \/>\n<meta name=\"author\" content=\"mizkan\" \/>\n<meta name=\"twitter:card\" content=\"summary_large_image\" \/>\n<meta name=\"twitter:label1\" content=\"Escrito por\" \/>\n\t<meta name=\"twitter:data1\" content=\"mizkan\" \/>\n\t<meta name=\"twitter:label2\" content=\"Tiempo de lectura\" \/>\n\t<meta name=\"twitter:data2\" content=\"2 minutos\" \/>\n<script type=\"application\/ld+json\" class=\"yoast-schema-graph\">{\"@context\":\"https:\/\/schema.org\",\"@graph\":[{\"@type\":\"WebPage\",\"@id\":\"https:\/\/www.mizkanchef.com\/es\/2020\/08\/noticias-de-mizkan-mizkan-se-asocia-con-el-popular-chef-mory-sacko-para-crear-una-receta-de-postre-afro-japones\/\",\"url\":\"https:\/\/www.mizkanchef.com\/es\/2020\/08\/noticias-de-mizkan-mizkan-se-asocia-con-el-popular-chef-mory-sacko-para-crear-una-receta-de-postre-afro-japones\/\",\"name\":\"Noticias de Mizkan - Mizkan se asocia con el popular chef Mory Sacko para crear una receta de postre afro-japon\u00e9s - Mizkan\",\"isPartOf\":{\"@id\":\"https:\/\/www.mizkanchef.com\/es\/#website\"},\"datePublished\":\"2020-08-26T13:09:59+00:00\",\"dateModified\":\"2021-02-02T15:09:59+00:00\",\"author\":{\"@id\":\"https:\/\/www.mizkanchef.com\/es\/#\/schema\/person\/cbeb416d24f708a4325b5af8fe89db94\"},\"breadcrumb\":{\"@id\":\"https:\/\/www.mizkanchef.com\/es\/2020\/08\/noticias-de-mizkan-mizkan-se-asocia-con-el-popular-chef-mory-sacko-para-crear-una-receta-de-postre-afro-japones\/#breadcrumb\"},\"inLanguage\":\"es\",\"potentialAction\":[{\"@type\":\"ReadAction\",\"target\":[\"https:\/\/www.mizkanchef.com\/es\/2020\/08\/noticias-de-mizkan-mizkan-se-asocia-con-el-popular-chef-mory-sacko-para-crear-una-receta-de-postre-afro-japones\/\"]}]},{\"@type\":\"BreadcrumbList\",\"@id\":\"https:\/\/www.mizkanchef.com\/es\/2020\/08\/noticias-de-mizkan-mizkan-se-asocia-con-el-popular-chef-mory-sacko-para-crear-una-receta-de-postre-afro-japones\/#breadcrumb\",\"itemListElement\":[{\"@type\":\"ListItem\",\"position\":1,\"name\":\"Home\",\"item\":\"https:\/\/www.mizkanchef.com\/es\/\"},{\"@type\":\"ListItem\",\"position\":2,\"name\":\"Noticias de Mizkan &#8211; Mizkan se asocia con el popular chef Mory Sacko para crear una receta de postre afro-japon\u00e9s\"}]},{\"@type\":\"WebSite\",\"@id\":\"https:\/\/www.mizkanchef.com\/es\/#website\",\"url\":\"https:\/\/www.mizkanchef.com\/es\/\",\"name\":\"Mizkan\",\"description\":\"Mizkan\",\"potentialAction\":[{\"@type\":\"SearchAction\",\"target\":{\"@type\":\"EntryPoint\",\"urlTemplate\":\"https:\/\/www.mizkanchef.com\/es\/?s={search_term_string}\"},\"query-input\":\"required name=search_term_string\"}],\"inLanguage\":\"es\"},{\"@type\":\"Person\",\"@id\":\"https:\/\/www.mizkanchef.com\/es\/#\/schema\/person\/cbeb416d24f708a4325b5af8fe89db94\",\"name\":\"mizkan\",\"image\":{\"@type\":\"ImageObject\",\"inLanguage\":\"es\",\"@id\":\"https:\/\/www.mizkanchef.com\/es\/#\/schema\/person\/image\/\",\"url\":\"https:\/\/secure.gravatar.com\/avatar\/f5bb02758c536c75091ea1c24fe6424f?s=96&d=mm&r=g\",\"contentUrl\":\"https:\/\/secure.gravatar.com\/avatar\/f5bb02758c536c75091ea1c24fe6424f?s=96&d=mm&r=g\",\"caption\":\"mizkan\"},\"sameAs\":[\"https:\/\/www.mizkanchef.com\"]}]}<\/script>\n<!-- \/ Yoast SEO plugin. -->","yoast_head_json":{"title":"Noticias de Mizkan - Mizkan se asocia con el popular chef Mory Sacko para crear una receta de postre afro-japon\u00e9s - Mizkan","robots":{"index":"index","follow":"follow","max-snippet":"max-snippet:-1","max-image-preview":"max-image-preview:large","max-video-preview":"max-video-preview:-1"},"og_locale":"es_ES","og_type":"article","og_title":"Noticias de Mizkan - Mizkan se asocia con el popular chef Mory Sacko para crear una receta de postre afro-japon\u00e9s - Mizkan","og_description":"En Mizkan, estamos orgullosos de anunciar nuestra colaboraci\u00f3n con el concursante de Top Chef Mory Sacko, quien utiliz\u00f3 su talento y habilidades para crear una nueva y fascinante receta de postre que fusiona las cocinas africana y japonesa utilizando Honteri. Acerca de Mory Sacko: Mory fue concursante de la edici\u00f3n de este a\u00f1o del programa [&hellip;]","og_url":"https:\/\/www.mizkanchef.com\/es\/2020\/08\/noticias-de-mizkan-mizkan-se-asocia-con-el-popular-chef-mory-sacko-para-crear-una-receta-de-postre-afro-japones\/","og_site_name":"Mizkan","article_published_time":"2020-08-26T13:09:59+00:00","article_modified_time":"2021-02-02T15:09:59+00:00","og_image":[{"width":1320,"height":736,"url":"https:\/\/www.mizkanchef.com\/wp-content\/uploads\/2020\/09\/news-logo-en.jpg","type":"image\/jpeg"}],"author":"mizkan","twitter_card":"summary_large_image","twitter_misc":{"Escrito por":"mizkan","Tiempo de lectura":"2 minutos"},"schema":{"@context":"https:\/\/schema.org","@graph":[{"@type":"WebPage","@id":"https:\/\/www.mizkanchef.com\/es\/2020\/08\/noticias-de-mizkan-mizkan-se-asocia-con-el-popular-chef-mory-sacko-para-crear-una-receta-de-postre-afro-japones\/","url":"https:\/\/www.mizkanchef.com\/es\/2020\/08\/noticias-de-mizkan-mizkan-se-asocia-con-el-popular-chef-mory-sacko-para-crear-una-receta-de-postre-afro-japones\/","name":"Noticias de Mizkan - Mizkan se asocia con el popular chef Mory Sacko para crear una receta de postre afro-japon\u00e9s - Mizkan","isPartOf":{"@id":"https:\/\/www.mizkanchef.com\/es\/#website"},"datePublished":"2020-08-26T13:09:59+00:00","dateModified":"2021-02-02T15:09:59+00:00","author":{"@id":"https:\/\/www.mizkanchef.com\/es\/#\/schema\/person\/cbeb416d24f708a4325b5af8fe89db94"},"breadcrumb":{"@id":"https:\/\/www.mizkanchef.com\/es\/2020\/08\/noticias-de-mizkan-mizkan-se-asocia-con-el-popular-chef-mory-sacko-para-crear-una-receta-de-postre-afro-japones\/#breadcrumb"},"inLanguage":"es","potentialAction":[{"@type":"ReadAction","target":["https:\/\/www.mizkanchef.com\/es\/2020\/08\/noticias-de-mizkan-mizkan-se-asocia-con-el-popular-chef-mory-sacko-para-crear-una-receta-de-postre-afro-japones\/"]}]},{"@type":"BreadcrumbList","@id":"https:\/\/www.mizkanchef.com\/es\/2020\/08\/noticias-de-mizkan-mizkan-se-asocia-con-el-popular-chef-mory-sacko-para-crear-una-receta-de-postre-afro-japones\/#breadcrumb","itemListElement":[{"@type":"ListItem","position":1,"name":"Home","item":"https:\/\/www.mizkanchef.com\/es\/"},{"@type":"ListItem","position":2,"name":"Noticias de Mizkan &#8211; Mizkan se asocia con el popular chef Mory Sacko para crear una receta de postre afro-japon\u00e9s"}]},{"@type":"WebSite","@id":"https:\/\/www.mizkanchef.com\/es\/#website","url":"https:\/\/www.mizkanchef.com\/es\/","name":"Mizkan","description":"Mizkan","potentialAction":[{"@type":"SearchAction","target":{"@type":"EntryPoint","urlTemplate":"https:\/\/www.mizkanchef.com\/es\/?s={search_term_string}"},"query-input":"required name=search_term_string"}],"inLanguage":"es"},{"@type":"Person","@id":"https:\/\/www.mizkanchef.com\/es\/#\/schema\/person\/cbeb416d24f708a4325b5af8fe89db94","name":"mizkan","image":{"@type":"ImageObject","inLanguage":"es","@id":"https:\/\/www.mizkanchef.com\/es\/#\/schema\/person\/image\/","url":"https:\/\/secure.gravatar.com\/avatar\/f5bb02758c536c75091ea1c24fe6424f?s=96&d=mm&r=g","contentUrl":"https:\/\/secure.gravatar.com\/avatar\/f5bb02758c536c75091ea1c24fe6424f?s=96&d=mm&r=g","caption":"mizkan"},"sameAs":["https:\/\/www.mizkanchef.com"]}]}},"_links":{"self":[{"href":"https:\/\/www.mizkanchef.com\/es\/wp-json\/wp\/v2\/posts\/6949"}],"collection":[{"href":"https:\/\/www.mizkanchef.com\/es\/wp-json\/wp\/v2\/posts"}],"about":[{"href":"https:\/\/www.mizkanchef.com\/es\/wp-json\/wp\/v2\/types\/post"}],"author":[{"embeddable":true,"href":"https:\/\/www.mizkanchef.com\/es\/wp-json\/wp\/v2\/users\/2"}],"replies":[{"embeddable":true,"href":"https:\/\/www.mizkanchef.com\/es\/wp-json\/wp\/v2\/comments?post=6949"}],"version-history":[{"count":0,"href":"https:\/\/www.mizkanchef.com\/es\/wp-json\/wp\/v2\/posts\/6949\/revisions"}],"wp:featuredmedia":[{"embeddable":true,"href":"https:\/\/www.mizkanchef.com\/es\/wp-json\/wp\/v2\/media\/2319"}],"wp:attachment":[{"href":"https:\/\/www.mizkanchef.com\/es\/wp-json\/wp\/v2\/media?parent=6949"}],"wp:term":[{"taxonomy":"category","embeddable":true,"href":"https:\/\/www.mizkanchef.com\/es\/wp-json\/wp\/v2\/categories?post=6949"},{"taxonomy":"post_tag","embeddable":true,"href":"https:\/\/www.mizkanchef.com\/es\/wp-json\/wp\/v2\/tags?post=6949"}],"curies":[{"name":"wp","href":"https:\/\/api.w.org\/{rel}","templated":true}]}}